{"id":21051,"date":"2024-12-16T13:55:22","date_gmt":"2024-12-16T12:55:22","guid":{"rendered":"https:\/\/www.bdas-wwsb.brussels\/?p=21051"},"modified":"2026-04-02T16:44:41","modified_gmt":"2026-04-02T14:44:41","slug":"projet-individualise-dintegration-sociale-piis","status":"publish","type":"post","link":"https:\/\/www.bdas-wwsb.brussels\/?p=21051","title":{"rendered":"Projet Individualis\u00e9 d&rsquo;Int\u00e9gration Sociale (PIIS)"},"content":{"rendered":"<p><a href=\"https:\/\/www.bdas-wwsb.brussels\/wp-content\/uploads\/2024\/12\/Cass.-11-juin-2018-disposition-au-travail.pdf\" target=\"_blank\" rel=\"noopener\">Cass., 11 juin 2018, n\u00b0 S.17.0061.F<\/a> : la Cour confirme que le CPAS ne peut mettre en \u0153uvre un projet individualis\u00e9 d\u2019int\u00e9gration sociale que si les conditions du droit \u00e0 l\u2019int\u00e9gration sociale sont r\u00e9unies. En ce qui concerne la condition pour le demandeur de ne pas \u00eatre en mesure de se procurer des ressources suffisantes par des efforts personnels, il s\u2019agit pour le CPAS d\u2019appr\u00e9cier la disposition du demandeur au travail au sens de l\u2019article 3, 5\u00b0 de la loi du 26 mai 2002, en ce que le CPAS tient dans son chef une mission d\u2019insertion. Par cons\u00e9quent, le CPAS doit, plus particuli\u00e8rement si le demandeur d\u2019aide entre dans la cat\u00e9gorie des moins de 25 ans, cat\u00e9gorie pour laquelle le l\u00e9gislateur a consacr\u00e9 la priorit\u00e9 de la mise \u00e0 l\u2019emploi sur le versement d\u2019un revenu d\u2019int\u00e9gration, d\u00e9terminer \u00e0 l\u2019aide de l\u2019enqu\u00eate sociale comment un demandeur d\u2019aide qui n\u2019est pas ins\u00e9r\u00e9 sur le march\u00e9 du travail pourrait l\u2019\u00eatre durablement \u00e0 condition qu\u2019il y soit dispos\u00e9.<\/p>\n<p><a href=\"https:\/\/www.bdas-wwsb.brussels\/wp-content\/uploads\/2024\/12\/Cour-trav.-Liege-division-Namur-17-janvier-2023-handicap-disposition-au-travail.pdf\" target=\"_blank\" rel=\"noopener\">Cour trav. Li\u00e8ge, 17 janvier 2023, R.G. n\u00b0 2021\/AN\/146<\/a> : d\u2019apr\u00e8s l\u2019article 6 de la loi du 26 mai 2002, si le centre \u00e9tablit par une d\u00e9cision motiv\u00e9e que la personne ne peut pas travailler pour des raisons de sant\u00e9 ou d\u2019\u00e9quit\u00e9, elle a droit \u00e0 un revenu d\u2019int\u00e9gration, assorti ou non d\u2019un projet individualis\u00e9 d\u2019int\u00e9gration sociale. L\u2019int\u00e9ress\u00e9 peut se faire assister par une personne de son choix lorsqu\u2019il n\u00e9gocie avec le centre le contrat de travail propos\u00e9 ou le projet individualis\u00e9 d\u2019int\u00e9gration sociale. Il dispose \u00e9galement d\u2019un d\u00e9lai de r\u00e9flexion de 5 jours calendrier avant toute signature et peut demander \u00e0 \u00eatre entendu par le centre. En l\u2019esp\u00e8ce, le CPAS ne d\u00e9montre pas avoir d\u00fbment inform\u00e9 l\u2019int\u00e9ress\u00e9 de son droit d\u2019\u00eatre entendu. Par ailleurs, la Cour estime que le CPAS a conclu de mani\u00e8re pr\u00e9matur\u00e9e \u00e0 l\u2019absence de disposition au travail dans le chef de l\u2019int\u00e9ress\u00e9. En effet, en violation de l\u2019article 6 de la loi du 26 mai 2002, l\u2019int\u00e9ress\u00e9 n\u2019a pas b\u00e9n\u00e9fici\u00e9 des garanties l\u00e9gales entourant la signature d\u2019un projet individualis\u00e9 d\u2019int\u00e9gration sociale, \u00e0 savoir qu\u2019il devait avoir la possibilit\u00e9 d\u2019\u00eatre entendu pr\u00e9alablement \u00e0 la d\u00e9cision litigieuse. Il devait aussi avoir la possibilit\u00e9 d\u2019\u00eatre assist\u00e9 par la personne de son choix et, si l\u2019int\u00e9ress\u00e9 a d\u2019embl\u00e9e refus\u00e9 de signer le projet individualis\u00e9 d\u2019int\u00e9gration sociale, aucun d\u00e9lai de r\u00e9flexion ne lui a \u00e9t\u00e9 accord\u00e9 comme le pr\u00e9voit la loi. Le retrait du revenu d\u2019int\u00e9gration est par cons\u00e9quent injustifi\u00e9.<\/p>\n<p><a href=\"https:\/\/www.bdas-wwsb.brussels\/wp-content\/uploads\/2024\/12\/Cour-trav-Bruxelles-6-mai-2020-disposition-au-travail-fin-doctroi.pdf\" target=\"_blank\" rel=\"noopener\">Cour trav. Bruxelles, 8e ch., 6 mai 2020, R.G. n\u00b0 2018\/AB\/773<\/a> : le CPAS ne peut brutalement mettre fin \u00e0 l\u2019octroi du revenu d\u2019int\u00e9gration au motif que la personne signataire du PIIS aurait limit\u00e9 ses recherches d\u2019emploi \u00e0 un seul domaine, d\u2019autant plus si le PIIS n\u2019impose de recherche d\u2019emploi que dans un domaine d\u00e9termin\u00e9. Si le CPAS estime que le demandeur d\u2019aide doit \u00e9largir son champ de recherche, il appartient au CPAS de l\u2019en avertir et d\u2019en fixer les nouveaux contours avec celui-ci.<\/p>\n<p><a href=\"https:\/\/www.bdas-wwsb.brussels\/wp-content\/uploads\/2024\/12\/Trib.-trav.-Liege-12-mars-2019-PIIS-non-obligatoire-pas-de-sanction.pdf\" target=\"_blank\" rel=\"noopener\">Trib.trav.. Li\u00e8ge, 12 mars 2019, R.G. n\u00b0 18\/856\/A<\/a> : il n\u2019existe pas d\u2019obligation de signer un PIIS dans le chef du demandeur d\u2019aide si ce dernier est \u00e2g\u00e9 de plus de 25 ans et qu\u2019il a b\u00e9n\u00e9fici\u00e9 du revenu d\u2019int\u00e9gration dans les 3 derniers mois. D\u00e8s lors, le CPAS ne pouvait prendre la sanction vis\u00e9e \u00e0 l\u2019article 30 de loi du 26 mai 2002 qui pr\u00e9voit la suspension partielle ou totale pour une p\u00e9riode d\u2019un mois maximum du revenu d\u2019int\u00e9gration.<\/p>\n<p><a href=\"https:\/\/www.bdas-wwsb.brussels\/wp-content\/uploads\/2024\/12\/Trib.-trav.-Hainaut-Mouscron-11-decembre-2018-111218-PIIS-pas-condition-doctroi.pdf\" target=\"_blank\" rel=\"noopener\">Trib.trav. Mouscron, 3\u00e8me ch., 11 d\u00e9cembre 2018, R.G. n\u00b0 17\/1222\/A et 17\/1223\/A<\/a> : le tribunal rappelle dans un premier temps le droit, pour le demandeur d\u2019aide, d\u2019\u00eatre entendu au pr\u00e9alable de toute d\u00e9cision \u00e0 son \u00e9gard. Ce droit n\u2019ayant pas \u00e9t\u00e9 respect\u00e9, la d\u00e9cision est entach\u00e9e d\u2019ill\u00e9galit\u00e9 et annul\u00e9e par le tribunal. Par ailleurs, il rappelle que le projet individualis\u00e9 d\u2019int\u00e9gration sociale n\u2019est pas une condition d\u2019octroi du revenu d\u2019int\u00e9gration. Par cons\u00e9quent, rien ne permet de conclure au refus du demandeur d\u2019adh\u00e9rer aux projets propos\u00e9s par le CPAS.<\/p>","protected":false},"excerpt":{"rendered":"<p>Cass., 11 juin 2018, n\u00b0 S.17.0061.F&nbsp;: la Cour confirme que le CPAS ne peut mettre en \u0153uvre un projet individualis\u00e9 d\u2019int\u00e9gration sociale que si les conditions du droit \u00e0 l\u2019int\u00e9gration sociale sont r\u00e9unies. En ce qui concerne la condition pour le demandeur de ne pas \u00eatre en mesure de se procurer des ressources suffisantes [&hellip;]<\/p>","protected":false},"author":5,"featured_media":0,"comment_status":"closed","ping_status":"closed","sticky":false,"template":"","format":"standard","meta":{"footnotes":""},"categories":[69],"tags":[422],"class_list":["post-21051","post","type-post","status-publish","format-standard","hentry","category-jurisprudence","tag-jurisprudence"],"_links":{"self":[{"href":"https:\/\/www.bdas-wwsb.brussels\/index.php?rest_route=\/wp\/v2\/posts\/21051","targetHints":{"allow":["GET"]}}],"collection":[{"href":"https:\/\/www.bdas-wwsb.brussels\/index.php?rest_route=\/wp\/v2\/posts"}],"about":[{"href":"https:\/\/www.bdas-wwsb.brussels\/index.php?rest_route=\/wp\/v2\/types\/post"}],"author":[{"embeddable":true,"href":"https:\/\/www.bdas-wwsb.brussels\/index.php?rest_route=\/wp\/v2\/users\/5"}],"replies":[{"embeddable":true,"href":"https:\/\/www.bdas-wwsb.brussels\/index.php?rest_route=%2Fwp%2Fv2%2Fcomments&post=21051"}],"version-history":[{"count":0,"href":"https:\/\/www.bdas-wwsb.brussels\/index.php?rest_route=\/wp\/v2\/posts\/21051\/revisions"}],"wp:attachment":[{"href":"https:\/\/www.bdas-wwsb.brussels\/index.php?rest_route=%2Fwp%2Fv2%2Fmedia&parent=21051"}],"wp:term":[{"taxonomy":"category","embeddable":true,"href":"https:\/\/www.bdas-wwsb.brussels\/index.php?rest_route=%2Fwp%2Fv2%2Fcategories&post=21051"},{"taxonomy":"post_tag","embeddable":true,"href":"https:\/\/www.bdas-wwsb.brussels\/index.php?rest_route=%2Fwp%2Fv2%2Ftags&post=21051"}],"curies":[{"name":"wp","href":"https:\/\/api.w.org\/{rel}","templated":true}]}}