{"id":12649,"date":"2024-09-06T16:41:54","date_gmt":"2024-09-06T14:41:54","guid":{"rendered":"https:\/\/www.bdas-wwsb.brussels\/?p=12649"},"modified":"2026-04-02T17:10:35","modified_gmt":"2026-04-02T15:10:35","slug":"jurisprudence-33","status":"publish","type":"post","link":"https:\/\/www.bdas-wwsb.brussels\/?p=12649","title":{"rendered":"En ce qui concerne le revenu d\u2019int\u00e9gration"},"content":{"rendered":"<p><strong>M\u00e8re \u00e9trang\u00e8re avec enfant pouvant acqu\u00e9rir la nationalit\u00e9 belge<\/strong><\/p>\n<p><a href=\"https:\/\/www.bdas-wwsb.brussels\/wp-content\/uploads\/2024\/12\/Trib.-trav.-Bruxelles-2-juin-2022-ERIS-impossibilite-de-quitter-le-territoire.pdf\">Trib. Trav. Bruxelles, 2 juin 2022, R.G. 22\/651\/A<\/a> : octroi \u00e0 une m\u00e8re \u00e9trang\u00e8re d\u2019une aide sociale \u00e9quivalente au revenu d\u2019int\u00e9gration sociale au taux \u00ab&nbsp;famille \u00e0 charge&nbsp;\u00bb, \u00e0 la condition que soit initi\u00e9e une proc\u00e9dure de reconnaissance de paternit\u00e9 par le p\u00e8re biologique. En effet, dans tel cas, cela entra\u00eenerait une impossibilit\u00e9 familiale de retour dans le pays d\u2019origine car l\u2019enfant serait consid\u00e9r\u00e9 comme de nationalit\u00e9 belge depuis sa naissance.<\/p>\n<p><strong> Apatrides<\/strong><\/p>\n<p><a href=\"https:\/\/www.bdas-wwsb.brussels\/wp-content\/uploads\/2025\/01\/Cour-trav-Liege-27-novembre-2012.pdf\">Cour trav. Li\u00e8ge, 27 novembre 2012, R.G. n\u00b0 2012\/AN\/59<\/a> : il ne s\u2019agit pas de reconna\u00eetre \u00e0 l\u2019apatride un droit de s\u00e9jour, pouvoir qui \u00e9chappe au pouvoir judiciaire, mais bien de constater que la situation de l\u2019apatride reconnu et \u00ab&nbsp;involontaire&nbsp;\u00bb est discrimin\u00e9e par rapport \u00e0 celle similaire du r\u00e9fugi\u00e9 reconnu en sorte qu\u2019il y a lieu de lui reconna\u00eetre les droits dont les r\u00e9fugi\u00e9s b\u00e9n\u00e9ficient et auxquels l\u2019apatride ne peut pas pr\u00e9tendre par suite de cette discrimination.<\/p>","protected":false},"excerpt":{"rendered":"<p>M\u00e8re \u00e9trang\u00e8re avec enfant pouvant acqu\u00e9rir la nationalit\u00e9 belge Trib. Trav. Bruxelles, 2 juin 2022, R.G. 22\/651\/A&nbsp;: octroi \u00e0 une m\u00e8re \u00e9trang\u00e8re d\u2019une aide sociale \u00e9quivalente au revenu d\u2019int\u00e9gration sociale au taux \u00ab&nbsp;famille \u00e0 charge&nbsp;\u00bb, \u00e0 la condition que soit initi\u00e9e une proc\u00e9dure de reconnaissance de paternit\u00e9 par le p\u00e8re biologique. En effet, dans [&hellip;]<\/p>","protected":false},"author":5,"featured_media":0,"comment_status":"closed","ping_status":"closed","sticky":false,"template":"","format":"standard","meta":{"footnotes":""},"categories":[69],"tags":[422],"class_list":["post-12649","post","type-post","status-publish","format-standard","hentry","category-jurisprudence","tag-jurisprudence"],"_links":{"self":[{"href":"https:\/\/www.bdas-wwsb.brussels\/index.php?rest_route=\/wp\/v2\/posts\/12649","targetHints":{"allow":["GET"]}}],"collection":[{"href":"https:\/\/www.bdas-wwsb.brussels\/index.php?rest_route=\/wp\/v2\/posts"}],"about":[{"href":"https:\/\/www.bdas-wwsb.brussels\/index.php?rest_route=\/wp\/v2\/types\/post"}],"author":[{"embeddable":true,"href":"https:\/\/www.bdas-wwsb.brussels\/index.php?rest_route=\/wp\/v2\/users\/5"}],"replies":[{"embeddable":true,"href":"https:\/\/www.bdas-wwsb.brussels\/index.php?rest_route=%2Fwp%2Fv2%2Fcomments&post=12649"}],"version-history":[{"count":0,"href":"https:\/\/www.bdas-wwsb.brussels\/index.php?rest_route=\/wp\/v2\/posts\/12649\/revisions"}],"wp:attachment":[{"href":"https:\/\/www.bdas-wwsb.brussels\/index.php?rest_route=%2Fwp%2Fv2%2Fmedia&parent=12649"}],"wp:term":[{"taxonomy":"category","embeddable":true,"href":"https:\/\/www.bdas-wwsb.brussels\/index.php?rest_route=%2Fwp%2Fv2%2Fcategories&post=12649"},{"taxonomy":"post_tag","embeddable":true,"href":"https:\/\/www.bdas-wwsb.brussels\/index.php?rest_route=%2Fwp%2Fv2%2Ftags&post=12649"}],"curies":[{"name":"wp","href":"https:\/\/api.w.org\/{rel}","templated":true}]}}