{"id":12069,"date":"2025-01-03T15:57:51","date_gmt":"2025-01-03T14:57:51","guid":{"rendered":"https:\/\/www.bdas-wwsb.brussels\/?p=12069"},"modified":"2026-04-10T10:20:46","modified_gmt":"2026-04-10T08:20:46","slug":"jurisprudence-22","status":"publish","type":"post","link":"https:\/\/www.bdas-wwsb.brussels\/?p=12069","title":{"rendered":"Adresse de r\u00e9f\u00e9rence"},"content":{"rendered":"<p><a href=\"https:\/\/www.liguedh.be\/wp-content\/uploads\/2025\/05\/250523-arret-263398.pdf\"> Conseil d\u2019\u00c9tat, 23.05.2025 n\u00b0263.398, XVe CHAMBRE, RG A. 241.459\/XV-5818<\/a>\u00a0: cet arr\u00eat annule la derni\u00e8re circulaire du SPP IS et SPF Int\u00e9rieur du 7 juillet 2023 qui rempla\u00e7ait les pr\u00e9c\u00e9dentes circulaires des 21 mars 1997, 27 juillet 1998 et 4 octobre 2006, qui restent donc en vigueur. Voir communiqu\u00e9 de presse LDH du 26.05.2025\u00a0:\u00a0<a href=\"https:\/\/www.liguedh.be\/sans-abrisme-le-conseil-detat-annule-la-derniere-circulaire-concernant-ladresse-de-reference-pour-les-sans-abris\/\" target=\"_blank\" rel=\"noopener\">https:\/\/www.liguedh.be\/sans-abrisme-le-conseil-detat-annule-la-derniere-circulaire-concernant-ladresse-de-reference-pour-les-sans-abris\/<\/a><\/p>\n<p><a href=\"https:\/\/www.bdas-wwsb.brussels\/wp-content\/uploads\/2024\/12\/Cour-trav.-Gand-1er-decembre-2017-adresse-de-reference-cohabitation.pdf\">Cour. trav. Gand, 1er d\u00e9cembre 2017, R.G. n\u00b0 2017\/AG\/7<\/a> : l\u2019adresse de r\u00e9f\u00e9rence n\u2019\u00e9quivaut pas \u00e0 un lieu d\u2019habitation ou de r\u00e9sidence. Le\/la b\u00e9n\u00e9ficiaire de l\u2019octroi d\u2019une adresse de r\u00e9f\u00e9rence aupr\u00e8s d\u2019un particulier ne peut \u00eatre consid\u00e9r\u00e9(e) comme cohabitant(e).<\/p>\n<p><a href=\"https:\/\/www.bdas-wwsb.brussels\/wp-content\/uploads\/2024\/12\/Trib.-trav.-Gand-17-mars-2017-forme-daide-sociale.pdf\">Trib. trav. Gand, 17 mars 2017, R.G. n\u00b0 16\/1750\/A <\/a>: la demande d\u2019une adresse de r\u00e9f\u00e9rence doit \u00eatre consid\u00e9r\u00e9e comme une demande d\u2019aide sociale.<\/p>\n<p><a href=\"https:\/\/www.bdas-wwsb.brussels\/wp-content\/uploads\/2024\/12\/Trib.-trav.-Bruxelles-14e-ch.-3-juin-2016-maintien-des-droits-a-laide-sociale.pdf\">Trib. trav.. Bruxelles, 14e ch., 3 juin 2016, R.G. n\u00b0 16\/3167\/A<\/a> : le tribunal rappelle que l\u2019objectif de l\u2019adresse de r\u00e9f\u00e9rence est de r\u00e9aliser une sorte d\u2019\u00e9lection de domicile obligatoire et g\u00e9n\u00e9rale, afin d\u2019assurer la survie sociale de l\u2019individu. L\u2019octroi d\u2019une adresse de r\u00e9f\u00e9rence est indispensable \u00e0 la personne en vue d\u2019assurer ou maintenir ses droits \u00e0 l\u2019aide sociale.<\/p>\n<p><strong>Adresse de r\u00e9f\u00e9rence et conditions suppl\u00e9mentaires ill\u00e9gales<\/strong><\/p>\n<p><a href=\"https:\/\/www.bdas-wwsb.brussels\/wp-content\/uploads\/2024\/12\/Cour-trav.-Bruxelles-8e-ch.-27-septembre-2016-adresse-de-reference-absence-recherche-logement.pdf\">Cour trav. Bruxelles, 8e ch., 27 septembre 2016, R.G. n\u00b0 2014\/AB\/815<\/a> : le CPAS impose parfois des conditions suppl\u00e9mentaires \u00e0 l\u2019octroi d\u2019une adresse de r\u00e9f\u00e9rence qui ne figurent pas dans la loi et qui doivent donc \u00eatre rejet\u00e9es. Le fait de ne pas d\u00e9velopper d\u2019efforts, dans le chef du demandeur d\u2019aide, pour trouver un logement autonome n\u2019est pas une condition \u00e0 l\u2019octroi ou au maintien d&rsquo;une adresse de r\u00e9f\u00e9rence et, par cons\u00e9quent, ne justifie pas la suppression de l\u2019adresse de r\u00e9f\u00e9rence par le CPAS.<\/p>\n<p><strong>Adresse de r\u00e9f\u00e9rence &#8211; manque de collaboration<\/strong><\/p>\n<p><a href=\"https:\/\/www.bdas-wwsb.brussels\/wp-content\/uploads\/2024\/12\/Trib.-trav.-Bruxelles-15e-ch.-6-septembre-2017-adresse-de-reference-manque-de-collaboration.pdf\">Trib. trav. Bruxelles, 15e ch., 6 septembre 2017, R.G. n\u00b0 17\/3044\/A<\/a> . : le fait pour un(e) b\u00e9n\u00e9ficiaire d\u2019une adresse de r\u00e9f\u00e9rence aupr\u00e8s d\u2019un CPAS de ne jamais se pr\u00e9senter au sein de ce CPAS, de ne pas venir relever son courrier, de ne pas \u00eatre joignable, etc, peut donner lieu \u00e0 une d\u00e9cision de suppression de cette adresse par le CPAS.<\/p>\n<p><strong>Adresse de r\u00e9f\u00e9rence \u2013 titre de s\u00e9jour<\/strong><\/p>\n<p><a href=\"https:\/\/www.bdas-wwsb.brussels\/wp-content\/uploads\/2025\/01\/Cour-trav.-Bruxelles-13-juin-2018.pdf\">Cour trav. Bruxelles, 8e ch., 13 juin 2018, R.G. n\u00b0 2016\/AB\/1154 <\/a>: le champ d\u2019application de l\u2019article 1er, \u00a7 2, alin\u00e9a 5, ne renvoie pas \u00e0 l\u2019article 1er, \u00a7 1 de la loi du 19 juillet 1991, ce qui signifie qu\u2019un \u00e9tranger en s\u00e9jour ill\u00e9gal est \u00e9galement admissible au b\u00e9n\u00e9fice de l\u2019adresse de r\u00e9f\u00e9rence. En ce qui concerne une personne qui n\u2019a pas (encore) de droit au s\u00e9jour, l\u2019adresse de r\u00e9f\u00e9rence ne peut prendre la forme que d\u2019une aide administrative, limit\u00e9e \u00e0 la r\u00e9ception du courrier au CPAS&nbsp;; tant que le droit au s\u00e9jour n\u2019est pas reconnu, l\u2019adresse de r\u00e9f\u00e9rence n\u2019ouvre pas comme telle, le droit \u00e0 une inscription dans un registre de la population.<\/p>\n<p><a href=\"https:\/\/www.bdas-wwsb.brussels\/wp-content\/uploads\/2024\/12\/Trib.-trav.-Bruxelles-16e-ch.-10-novembre-2017-adresse-de-reference-titre-de-sejour.pdf\">Trib. trav. Bruxelles, 16e ch., 10 novembre 2017, R.G. n\u00b0 17\/4319\/A<\/a> : il est g\u00e9n\u00e9ralement admis que le parent d\u2019un enfant mineur belge ou en s\u00e9jour l\u00e9gal peut \u00eatre consid\u00e9r\u00e9comme emp\u00each\u00e9 de quitter le territoire pour des raisons ind\u00e9pendantes de sa volont\u00e9, compte tenu notamment de l\u2019article 8 de la Convention europ\u00e9enne des droits de l\u2019Homme. L\u2019adresse de r\u00e9f\u00e9rence est une forme d\u2019aide sociale pouvant \u00eatre accord\u00e9e lorsque l\u2019application de l\u2019article 57, \u00a7 2, de la loi du 8 juillet 1976 est \u00e9cart\u00e9e. L\u2019adresse de r\u00e9f\u00e9rence peut directement \u00eatre accord\u00e9e \u00e0 l\u2019enfant, le tribunal invitant express\u00e9ment la m\u00e8re \u00e0 \u00abr\u00e9it\u00e9rer effectivement une demande de r\u00e9gularisation de son s\u00e9jour\u00bb.<\/p>\n<p><a href=\"https:\/\/www.bdas-wwsb.brussels\/wp-content\/uploads\/2024\/12\/Trib.-trav.-Bruxelles-12e-ch.-12-juin-2017-adresse-de-reference-titre-de-sejour.pdf\">Trib. trav. Bruxelles, 12e ch., 12 juin 2017, R.G. n\u00b0 17\/2374\/A et Trib. trav. Bruxelles, 14e ch., 26 avril 2017, R.G. n\u00b0 17\/821\/A<\/a> : l\u2019adresse de r\u00e9f\u00e9rence est accord\u00e9e \u00e0 la m\u00e8re malgr\u00e9 l\u2019absence de droit de s\u00e9jour. C\u2019est le droit de l\u2019enfant qui est mis en avant et l\u2019adresse de r\u00e9f\u00e9rence est attribu\u00e9e parce que celui-ci \u201ca besoin de la pr\u00e9sence de sa m\u00e8re\u201d. Le champ d\u2019application de l\u2019article 1er, \u00a7 2, alin\u00e9a 5, ne renvoie pas \u00e0 l\u2019article 1er, \u00a7 1 de la loi du 19 juillet 1991, ce qui signifie qu\u2019un \u00e9tranger en s\u00e9jour ill\u00e9gal est \u00e9galement admissible au b\u00e9n\u00e9fice de l\u2019adresse de r\u00e9f\u00e9rence. En effet, l\u2019inscription en adresse de r\u00e9f\u00e9rence n\u2019est pas r\u00e9serv\u00e9e aux personnes en s\u00e9jour l\u00e9gal. Par cons\u00e9quent, le CPAS est tenu d\u2019octroyer \u00e0 l\u2019int\u00e9ress\u00e9e une adresse de r\u00e9f\u00e9rence, ind\u00e9pendamment de la question de la l\u00e9galit\u00e9 du s\u00e9jour de la demanderesse.<\/p>\n<p><a href=\"https:\/\/www.bdas-wwsb.brussels\/wp-content\/uploads\/2024\/12\/Trib.-trav.-Bruxelles-21-mars-2016-adresse-de-reference-titre-de-sejour.pdf\">Trib. trav. Bruxelles, 21 mars 2016, RG n\u00b0 15\/13143\/A <\/a>: apr\u00e8s que l\u2019Office des Etrangers ait express\u00e9ment reconnu la l\u00e9galit\u00e9 du s\u00e9jour d\u2019un demandeur, il a ensuite ordonn\u00e9 \u00e0 la commune de l\u2019inscrire en adresse de r\u00e9f\u00e9rence aupr\u00e8s du CPAS. Le CPAS a estim\u00e9 que l\u2019Office des \u00c9trangers n\u2019avait pas correctement jug\u00e9 le caract\u00e8re l\u00e9gal du s\u00e9jour du demandeur et refusait d\u2019accorder une adresse de r\u00e9f\u00e9rence \u00e0 une personne b\u00e9n\u00e9ficiant d\u2019un droit de s\u00e9jour mais temporairement d\u00e9pourvue de titre valide au motif \u00abqu\u2019une adresse de r\u00e9f\u00e9rence ne peut pas servir \u00e0 r\u00e9gulariser un s\u00e9jour\u00bb. Cette pratique ne peut \u00eatre accept\u00e9e. Les \u00e9trangers b\u00e9n\u00e9ficiant d\u2019un droit de s\u00e9jour, mais pas ou plus d\u2019un titre de s\u00e9jour valable constatant ce droit, ont droit \u00e0 l\u2019aide sociale sans limitation, et donc aussi \u00e0 une adresse de r\u00e9f\u00e9rence, s\u2019ils r\u00e9pondent aux autres conditions d\u2019octroi.<\/p>\n<p><a href=\"https:\/\/www.bdas-wwsb.brussels\/wp-content\/uploads\/2024\/12\/Trib.-trav.-Bruxelles-4-janvier-2016-adresse-de-reference-titre-de-sejour.pdf\">Trib. trav. Bruxelles, 12e ch., 4 janvier 2016, R.G. n\u00b0 15\/6788\/A<\/a> : le retard pris par une autorit\u00e9 administrative \u00e0 renouveler le titre de s\u00e9jour d\u2019un \u00e9tranger inscrit au registre des \u00e9trangers ne rend pas le s\u00e9jour de celui-ci ill\u00e9gal, ce dernier peut donc continuer \u00e0 b\u00e9n\u00e9ficier de l\u2019aide sociale, et notamment de son adresse de r\u00e9f\u00e9rence.<\/p>\n<p><strong>Adresses de r\u00e9f\u00e9rence &#8211; absence de d\u00e9cision du CPAS<\/strong><\/p>\n<p><a href=\"https:\/\/www.bdas-wwsb.brussels\/wp-content\/uploads\/2024\/12\/Trib.-trav.-Anvers-20-avril-2017-adresse-de-reference-absence-decision-CPAS.pdf\">Trib. trav. Anvers, 20 avril 2017, R.G. n\u00b0 16\/6598\/A<\/a> : lorsque le CPAS ne prend pas de d\u00e9cision dans le mois suivant la demande d\u2019une adresse de r\u00e9f\u00e9rence, un recours peut \u00eatre intent\u00e9 aupr\u00e8s du tribunal du travail. Le tribunal souligne l\u2019importance d\u2019une adresse fixe permettant au moins \u00e0 une personne sans-abri de se mettre en ordre vis-\u00e0-vis de son assurance-maladie.<\/p>","protected":false},"excerpt":{"rendered":"<p>Conseil d\u2019\u00c9tat, 23.05.2025 n\u00b0263.398, XVe CHAMBRE, RG A. 241.459\/XV-5818\u00a0: cet arr\u00eat annule la derni\u00e8re circulaire du SPP IS et SPF Int\u00e9rieur du 7 juillet 2023 qui rempla\u00e7ait les pr\u00e9c\u00e9dentes circulaires des 21 mars 1997, 27 juillet 1998 et 4 octobre 2006, qui restent donc en vigueur. Voir communiqu\u00e9 de presse LDH du 26.05.2025\u00a0:\u00a0https:\/\/www.liguedh.be\/sans-abrisme-le-conseil-detat-annule-la-derniere-circulaire-concernant-ladresse-de-reference-pour-les-sans-abris\/ Cour. trav. [&hellip;]<\/p>","protected":false},"author":5,"featured_media":0,"comment_status":"closed","ping_status":"closed","sticky":false,"template":"","format":"standard","meta":{"footnotes":""},"categories":[69],"tags":[422],"class_list":["post-12069","post","type-post","status-publish","format-standard","hentry","category-jurisprudence","tag-jurisprudence"],"_links":{"self":[{"href":"https:\/\/www.bdas-wwsb.brussels\/index.php?rest_route=\/wp\/v2\/posts\/12069","targetHints":{"allow":["GET"]}}],"collection":[{"href":"https:\/\/www.bdas-wwsb.brussels\/index.php?rest_route=\/wp\/v2\/posts"}],"about":[{"href":"https:\/\/www.bdas-wwsb.brussels\/index.php?rest_route=\/wp\/v2\/types\/post"}],"author":[{"embeddable":true,"href":"https:\/\/www.bdas-wwsb.brussels\/index.php?rest_route=\/wp\/v2\/users\/5"}],"replies":[{"embeddable":true,"href":"https:\/\/www.bdas-wwsb.brussels\/index.php?rest_route=%2Fwp%2Fv2%2Fcomments&post=12069"}],"version-history":[{"count":1,"href":"https:\/\/www.bdas-wwsb.brussels\/index.php?rest_route=\/wp\/v2\/posts\/12069\/revisions"}],"predecessor-version":[{"id":28409,"href":"https:\/\/www.bdas-wwsb.brussels\/index.php?rest_route=\/wp\/v2\/posts\/12069\/revisions\/28409"}],"wp:attachment":[{"href":"https:\/\/www.bdas-wwsb.brussels\/index.php?rest_route=%2Fwp%2Fv2%2Fmedia&parent=12069"}],"wp:term":[{"taxonomy":"category","embeddable":true,"href":"https:\/\/www.bdas-wwsb.brussels\/index.php?rest_route=%2Fwp%2Fv2%2Fcategories&post=12069"},{"taxonomy":"post_tag","embeddable":true,"href":"https:\/\/www.bdas-wwsb.brussels\/index.php?rest_route=%2Fwp%2Fv2%2Ftags&post=12069"}],"curies":[{"name":"wp","href":"https:\/\/api.w.org\/{rel}","templated":true}]}}